{"id":1848,"date":"2026-08-19T08:48:11","date_gmt":"2026-08-19T12:48:11","guid":{"rendered":"https:\/\/ciencias.ubiobio.cl\/quimica\/web\/?p=1848"},"modified":"2026-08-30T09:01:03","modified_gmt":"2026-08-30T13:01:03","slug":"dr-ramon-ahumada-fortalece-vinculos-con-seremi-de-mineria-y-trabajadores-mineros-de-curanilahue","status":"publish","type":"post","link":"https:\/\/ciencias.ubiobio.cl\/quimica\/web\/index.php\/2026\/08\/19\/dr-ramon-ahumada-fortalece-vinculos-con-seremi-de-mineria-y-trabajadores-mineros-de-curanilahue\/","title":{"rendered":"Dr. Ram\u00f3n Ahumada fortalece v\u00ednculos con Seremi de Miner\u00eda y trabajadores Mineros de Curanilahue"},"content":{"rendered":"\n<p><img loading=\"lazy\" decoding=\"async\" class=\"aligncenter wp-image-1849 size-full\" src=\"http:\/\/ciencias.ubiobio.cl\/quimica\/web\/wp-content\/uploads\/2026\/08\/ramon-curanilahue-scaled.png\" alt=\"\" width=\"1144\" height=\"2560\" srcset=\"https:\/\/ciencias.ubiobio.cl\/quimica\/web\/wp-content\/uploads\/2026\/08\/ramon-curanilahue-scaled.png 1144w, https:\/\/ciencias.ubiobio.cl\/quimica\/web\/wp-content\/uploads\/2026\/08\/ramon-curanilahue-134x300.png 134w, https:\/\/ciencias.ubiobio.cl\/quimica\/web\/wp-content\/uploads\/2026\/08\/ramon-curanilahue-458x1024.png 458w, https:\/\/ciencias.ubiobio.cl\/quimica\/web\/wp-content\/uploads\/2026\/08\/ramon-curanilahue-768x1718.png 768w, https:\/\/ciencias.ubiobio.cl\/quimica\/web\/wp-content\/uploads\/2026\/08\/ramon-curanilahue-687x1536.png 687w, https:\/\/ciencias.ubiobio.cl\/quimica\/web\/wp-content\/uploads\/2026\/08\/ramon-curanilahue-1200x2684.png 1200w\" sizes=\"auto, (max-width: 709px) 85vw, (max-width: 909px) 67vw, (max-width: 1362px) 62vw, 840px\" \/><\/p>\n\n\n\n<p class=\"wp-block-paragraph\"><kbd><strong>Fuente:<\/strong> <em>Facultad de Ciencias, UBB<\/em><\/kbd><\/p>\n\n\n","protected":false},"excerpt":{"rendered":"<p>Fuente: Facultad de Ciencias, UBB<\/p>\n","protected":false},"author":3,"featured_media":0,"comment_status":"closed","ping_status":"closed","sticky":false,"template":"","format":"gallery","meta":{"footnotes":""},"categories":[3,12],"tags":[],"class_list":["post-1848","post","type-post","status-publish","format-gallery","hentry","category-departamento","category-extension","post_format-post-format-gallery"],"yoast_head":"<!-- This site is optimized with the Yoast SEO plugin v27.7 - https:\/\/yoast.com\/product\/yoast-seo-wordpress\/ -->\n<title>Dr. Ram\u00f3n Ahumada fortalece v\u00ednculos con Seremi de Miner\u00eda y trabajadores Mineros de Curanilahue - Departamento de Qu\u00edmica<\/title>\n<meta name=\"robots\" content=\"index, follow, max-snippet:-1, max-image-preview:large, max-video-preview:-1\" \/>\n<link rel=\"canonical\" href=\"https:\/\/ciencias.ubiobio.cl\/quimica\/web\/index.php\/2026\/08\/19\/dr-ramon-ahumada-fortalece-vinculos-con-seremi-de-mineria-y-trabajadores-mineros-de-curanilahue\/\" \/>\n<meta property=\"og:locale\" content=\"es_ES\" \/>\n<meta property=\"og:type\" content=\"article\" \/>\n<meta property=\"og:title\" content=\"Dr. Ram\u00f3n Ahumada fortalece v\u00ednculos con Seremi de Miner\u00eda y trabajadores Mineros de Curanilahue - Departamento de Qu\u00edmica\" \/>\n<meta property=\"og:description\" content=\"Fuente: Facultad de Ciencias, UBB\" \/>\n<meta property=\"og:url\" content=\"https:\/\/ciencias.ubiobio.cl\/quimica\/web\/index.php\/2026\/08\/19\/dr-ramon-ahumada-fortalece-vinculos-con-seremi-de-mineria-y-trabajadores-mineros-de-curanilahue\/\" \/>\n<meta property=\"og:site_name\" content=\"Departamento de Qu\u00edmica\" \/>\n<meta property=\"article:published_time\" content=\"2026-08-19T12:48:11+00:00\" \/>\n<meta property=\"article:modified_time\" content=\"2026-08-30T13:01:03+00:00\" \/>\n<meta property=\"og:image\" content=\"https:\/\/ciencias.ubiobio.cl\/quimica\/web\/wp-content\/uploads\/2026\/08\/ramon-curanilahue-458x1024.png\" \/>\n\t<meta property=\"og:image:width\" content=\"458\" \/>\n\t<meta property=\"og:image:height\" content=\"1024\" \/>\n\t<meta property=\"og:image:type\" content=\"image\/png\" \/>\n<meta name=\"author\" content=\"Fabiola Medina\" \/>\n<meta name=\"twitter:card\" content=\"summary_large_image\" \/>\n<meta name=\"twitter:label1\" content=\"Escrito por\" \/>\n\t<meta name=\"twitter:data1\" content=\"Fabiola Medina\" \/>\n\t<meta name=\"twitter:label2\" content=\"Tiempo estimado de lectura\" \/>\n\t<meta name=\"twitter:data2\" content=\"1 minuto\" \/>\n<script type=\"application\/ld+json\" class=\"yoast-schema-graph\">{\"@context\":\"https:\\\/\\\/schema.org\",\"@graph\":[{\"@type\":\"Article\",\"@id\":\"https:\\\/\\\/ciencias.ubiobio.cl\\\/quimica\\\/web\\\/index.php\\\/2026\\\/08\\\/19\\\/dr-ramon-ahumada-fortalece-vinculos-con-seremi-de-mineria-y-trabajadores-mineros-de-curanilahue\\\/#article\",\"isPartOf\":{\"@id\":\"https:\\\/\\\/ciencias.ubiobio.cl\\\/quimica\\\/web\\\/index.php\\\/2026\\\/08\\\/19\\\/dr-ramon-ahumada-fortalece-vinculos-con-seremi-de-mineria-y-trabajadores-mineros-de-curanilahue\\\/\"},\"author\":{\"name\":\"Fabiola Medina\",\"@id\":\"https:\\\/\\\/ciencias.ubiobio.cl\\\/quimica\\\/web\\\/#\\\/schema\\\/person\\\/712bb83fa0db9fe275d40dcaafbdb312\"},\"headline\":\"Dr. Ram\u00f3n Ahumada fortalece v\u00ednculos con Seremi de Miner\u00eda y trabajadores Mineros de Curanilahue\",\"datePublished\":\"2026-08-19T12:48:11+00:00\",\"dateModified\":\"2026-08-30T13:01:03+00:00\",\"mainEntityOfPage\":{\"@id\":\"https:\\\/\\\/ciencias.ubiobio.cl\\\/quimica\\\/web\\\/index.php\\\/2026\\\/08\\\/19\\\/dr-ramon-ahumada-fortalece-vinculos-con-seremi-de-mineria-y-trabajadores-mineros-de-curanilahue\\\/\"},\"wordCount\":22,\"image\":{\"@id\":\"https:\\\/\\\/ciencias.ubiobio.cl\\\/quimica\\\/web\\\/index.php\\\/2026\\\/08\\\/19\\\/dr-ramon-ahumada-fortalece-vinculos-con-seremi-de-mineria-y-trabajadores-mineros-de-curanilahue\\\/#primaryimage\"},\"thumbnailUrl\":\"http:\\\/\\\/ciencias.ubiobio.cl\\\/quimica\\\/web\\\/wp-content\\\/uploads\\\/2026\\\/08\\\/ramon-curanilahue-scaled.png\",\"articleSection\":[\"Departamento\",\"Extensi\u00f3n\"],\"inLanguage\":\"es-CL\"},{\"@type\":\"WebPage\",\"@id\":\"https:\\\/\\\/ciencias.ubiobio.cl\\\/quimica\\\/web\\\/index.php\\\/2026\\\/08\\\/19\\\/dr-ramon-ahumada-fortalece-vinculos-con-seremi-de-mineria-y-trabajadores-mineros-de-curanilahue\\\/\",\"url\":\"https:\\\/\\\/ciencias.ubiobio.cl\\\/quimica\\\/web\\\/index.php\\\/2026\\\/08\\\/19\\\/dr-ramon-ahumada-fortalece-vinculos-con-seremi-de-mineria-y-trabajadores-mineros-de-curanilahue\\\/\",\"name\":\"Dr. Ram\u00f3n Ahumada fortalece v\u00ednculos con Seremi de Miner\u00eda y trabajadores Mineros de Curanilahue - Departamento de Qu\u00edmica\",\"isPartOf\":{\"@id\":\"https:\\\/\\\/ciencias.ubiobio.cl\\\/quimica\\\/web\\\/#website\"},\"primaryImageOfPage\":{\"@id\":\"https:\\\/\\\/ciencias.ubiobio.cl\\\/quimica\\\/web\\\/index.php\\\/2026\\\/08\\\/19\\\/dr-ramon-ahumada-fortalece-vinculos-con-seremi-de-mineria-y-trabajadores-mineros-de-curanilahue\\\/#primaryimage\"},\"image\":{\"@id\":\"https:\\\/\\\/ciencias.ubiobio.cl\\\/quimica\\\/web\\\/index.php\\\/2026\\\/08\\\/19\\\/dr-ramon-ahumada-fortalece-vinculos-con-seremi-de-mineria-y-trabajadores-mineros-de-curanilahue\\\/#primaryimage\"},\"thumbnailUrl\":\"http:\\\/\\\/ciencias.ubiobio.cl\\\/quimica\\\/web\\\/wp-content\\\/uploads\\\/2026\\\/08\\\/ramon-curanilahue-scaled.png\",\"datePublished\":\"2026-08-19T12:48:11+00:00\",\"dateModified\":\"2026-08-30T13:01:03+00:00\",\"author\":{\"@id\":\"https:\\\/\\\/ciencias.ubiobio.cl\\\/quimica\\\/web\\\/#\\\/schema\\\/person\\\/712bb83fa0db9fe275d40dcaafbdb312\"},\"breadcrumb\":{\"@id\":\"https:\\\/\\\/ciencias.ubiobio.cl\\\/quimica\\\/web\\\/index.php\\\/2026\\\/08\\\/19\\\/dr-ramon-ahumada-fortalece-vinculos-con-seremi-de-mineria-y-trabajadores-mineros-de-curanilahue\\\/#breadcrumb\"},\"inLanguage\":\"es-CL\",\"potentialAction\":[{\"@type\":\"ReadAction\",\"target\":[\"https:\\\/\\\/ciencias.ubiobio.cl\\\/quimica\\\/web\\\/index.php\\\/2026\\\/08\\\/19\\\/dr-ramon-ahumada-fortalece-vinculos-con-seremi-de-mineria-y-trabajadores-mineros-de-curanilahue\\\/\"]}]},{\"@type\":\"ImageObject\",\"inLanguage\":\"es-CL\",\"@id\":\"https:\\\/\\\/ciencias.ubiobio.cl\\\/quimica\\\/web\\\/index.php\\\/2026\\\/08\\\/19\\\/dr-ramon-ahumada-fortalece-vinculos-con-seremi-de-mineria-y-trabajadores-mineros-de-curanilahue\\\/#primaryimage\",\"url\":\"https:\\\/\\\/ciencias.ubiobio.cl\\\/quimica\\\/web\\\/wp-content\\\/uploads\\\/2026\\\/08\\\/ramon-curanilahue-scaled.png\",\"contentUrl\":\"https:\\\/\\\/ciencias.ubiobio.cl\\\/quimica\\\/web\\\/wp-content\\\/uploads\\\/2026\\\/08\\\/ramon-curanilahue-scaled.png\",\"width\":1144,\"height\":2560},{\"@type\":\"BreadcrumbList\",\"@id\":\"https:\\\/\\\/ciencias.ubiobio.cl\\\/quimica\\\/web\\\/index.php\\\/2026\\\/08\\\/19\\\/dr-ramon-ahumada-fortalece-vinculos-con-seremi-de-mineria-y-trabajadores-mineros-de-curanilahue\\\/#breadcrumb\",\"itemListElement\":[{\"@type\":\"ListItem\",\"position\":1,\"name\":\"Home\",\"item\":\"https:\\\/\\\/ciencias.ubiobio.cl\\\/quimica\\\/web\\\/\"},{\"@type\":\"ListItem\",\"position\":2,\"name\":\"Dr. Ram\u00f3n Ahumada fortalece v\u00ednculos con Seremi de Miner\u00eda y trabajadores Mineros de Curanilahue\"}]},{\"@type\":\"WebSite\",\"@id\":\"https:\\\/\\\/ciencias.ubiobio.cl\\\/quimica\\\/web\\\/#website\",\"url\":\"https:\\\/\\\/ciencias.ubiobio.cl\\\/quimica\\\/web\\\/\",\"name\":\"Departamento de Qu\u00edmica\",\"description\":\"Facultad de Ciencias UBB\",\"potentialAction\":[{\"@type\":\"SearchAction\",\"target\":{\"@type\":\"EntryPoint\",\"urlTemplate\":\"https:\\\/\\\/ciencias.ubiobio.cl\\\/quimica\\\/web\\\/?s={search_term_string}\"},\"query-input\":{\"@type\":\"PropertyValueSpecification\",\"valueRequired\":true,\"valueName\":\"search_term_string\"}}],\"inLanguage\":\"es-CL\"},{\"@type\":\"Person\",\"@id\":\"https:\\\/\\\/ciencias.ubiobio.cl\\\/quimica\\\/web\\\/#\\\/schema\\\/person\\\/712bb83fa0db9fe275d40dcaafbdb312\",\"name\":\"Fabiola Medina\",\"url\":\"https:\\\/\\\/ciencias.ubiobio.cl\\\/quimica\\\/web\\\/index.php\\\/author\\\/fabiola\\\/\"}]}<\/script>\n<!-- \/ Yoast SEO plugin. -->","yoast_head_json":{"title":"Dr. Ram\u00f3n Ahumada fortalece v\u00ednculos con Seremi de Miner\u00eda y trabajadores Mineros de Curanilahue - Departamento de Qu\u00edmica","robots":{"index":"index","follow":"follow","max-snippet":"max-snippet:-1","max-image-preview":"max-image-preview:large","max-video-preview":"max-video-preview:-1"},"canonical":"https:\/\/ciencias.ubiobio.cl\/quimica\/web\/index.php\/2026\/08\/19\/dr-ramon-ahumada-fortalece-vinculos-con-seremi-de-mineria-y-trabajadores-mineros-de-curanilahue\/","og_locale":"es_ES","og_type":"article","og_title":"Dr. Ram\u00f3n Ahumada fortalece v\u00ednculos con Seremi de Miner\u00eda y trabajadores Mineros de Curanilahue - Departamento de Qu\u00edmica","og_description":"Fuente: Facultad de Ciencias, UBB","og_url":"https:\/\/ciencias.ubiobio.cl\/quimica\/web\/index.php\/2026\/08\/19\/dr-ramon-ahumada-fortalece-vinculos-con-seremi-de-mineria-y-trabajadores-mineros-de-curanilahue\/","og_site_name":"Departamento de Qu\u00edmica","article_published_time":"2026-08-19T12:48:11+00:00","article_modified_time":"2026-08-30T13:01:03+00:00","og_image":[{"width":458,"height":1024,"url":"https:\/\/ciencias.ubiobio.cl\/quimica\/web\/wp-content\/uploads\/2026\/08\/ramon-curanilahue-458x1024.png","type":"image\/png"}],"author":"Fabiola Medina","twitter_card":"summary_large_image","twitter_misc":{"Escrito por":"Fabiola Medina","Tiempo estimado de lectura":"1 minuto"},"schema":{"@context":"https:\/\/schema.org","@graph":[{"@type":"Article","@id":"https:\/\/ciencias.ubiobio.cl\/quimica\/web\/index.php\/2026\/08\/19\/dr-ramon-ahumada-fortalece-vinculos-con-seremi-de-mineria-y-trabajadores-mineros-de-curanilahue\/#article","isPartOf":{"@id":"https:\/\/ciencias.ubiobio.cl\/quimica\/web\/index.php\/2026\/08\/19\/dr-ramon-ahumada-fortalece-vinculos-con-seremi-de-mineria-y-trabajadores-mineros-de-curanilahue\/"},"author":{"name":"Fabiola Medina","@id":"https:\/\/ciencias.ubiobio.cl\/quimica\/web\/#\/schema\/person\/712bb83fa0db9fe275d40dcaafbdb312"},"headline":"Dr. Ram\u00f3n Ahumada fortalece v\u00ednculos con Seremi de Miner\u00eda y trabajadores Mineros de Curanilahue","datePublished":"2026-08-19T12:48:11+00:00","dateModified":"2026-08-30T13:01:03+00:00","mainEntityOfPage":{"@id":"https:\/\/ciencias.ubiobio.cl\/quimica\/web\/index.php\/2026\/08\/19\/dr-ramon-ahumada-fortalece-vinculos-con-seremi-de-mineria-y-trabajadores-mineros-de-curanilahue\/"},"wordCount":22,"image":{"@id":"https:\/\/ciencias.ubiobio.cl\/quimica\/web\/index.php\/2026\/08\/19\/dr-ramon-ahumada-fortalece-vinculos-con-seremi-de-mineria-y-trabajadores-mineros-de-curanilahue\/#primaryimage"},"thumbnailUrl":"http:\/\/ciencias.ubiobio.cl\/quimica\/web\/wp-content\/uploads\/2026\/08\/ramon-curanilahue-scaled.png","articleSection":["Departamento","Extensi\u00f3n"],"inLanguage":"es-CL"},{"@type":"WebPage","@id":"https:\/\/ciencias.ubiobio.cl\/quimica\/web\/index.php\/2026\/08\/19\/dr-ramon-ahumada-fortalece-vinculos-con-seremi-de-mineria-y-trabajadores-mineros-de-curanilahue\/","url":"https:\/\/ciencias.ubiobio.cl\/quimica\/web\/index.php\/2026\/08\/19\/dr-ramon-ahumada-fortalece-vinculos-con-seremi-de-mineria-y-trabajadores-mineros-de-curanilahue\/","name":"Dr. Ram\u00f3n Ahumada fortalece v\u00ednculos con Seremi de Miner\u00eda y trabajadores Mineros de Curanilahue - Departamento de Qu\u00edmica","isPartOf":{"@id":"https:\/\/ciencias.ubiobio.cl\/quimica\/web\/#website"},"primaryImageOfPage":{"@id":"https:\/\/ciencias.ubiobio.cl\/quimica\/web\/index.php\/2026\/08\/19\/dr-ramon-ahumada-fortalece-vinculos-con-seremi-de-mineria-y-trabajadores-mineros-de-curanilahue\/#primaryimage"},"image":{"@id":"https:\/\/ciencias.ubiobio.cl\/quimica\/web\/index.php\/2026\/08\/19\/dr-ramon-ahumada-fortalece-vinculos-con-seremi-de-mineria-y-trabajadores-mineros-de-curanilahue\/#primaryimage"},"thumbnailUrl":"http:\/\/ciencias.ubiobio.cl\/quimica\/web\/wp-content\/uploads\/2026\/08\/ramon-curanilahue-scaled.png","datePublished":"2026-08-19T12:48:11+00:00","dateModified":"2026-08-30T13:01:03+00:00","author":{"@id":"https:\/\/ciencias.ubiobio.cl\/quimica\/web\/#\/schema\/person\/712bb83fa0db9fe275d40dcaafbdb312"},"breadcrumb":{"@id":"https:\/\/ciencias.ubiobio.cl\/quimica\/web\/index.php\/2026\/08\/19\/dr-ramon-ahumada-fortalece-vinculos-con-seremi-de-mineria-y-trabajadores-mineros-de-curanilahue\/#breadcrumb"},"inLanguage":"es-CL","potentialAction":[{"@type":"ReadAction","target":["https:\/\/ciencias.ubiobio.cl\/quimica\/web\/index.php\/2026\/08\/19\/dr-ramon-ahumada-fortalece-vinculos-con-seremi-de-mineria-y-trabajadores-mineros-de-curanilahue\/"]}]},{"@type":"ImageObject","inLanguage":"es-CL","@id":"https:\/\/ciencias.ubiobio.cl\/quimica\/web\/index.php\/2026\/08\/19\/dr-ramon-ahumada-fortalece-vinculos-con-seremi-de-mineria-y-trabajadores-mineros-de-curanilahue\/#primaryimage","url":"https:\/\/ciencias.ubiobio.cl\/quimica\/web\/wp-content\/uploads\/2026\/08\/ramon-curanilahue-scaled.png","contentUrl":"https:\/\/ciencias.ubiobio.cl\/quimica\/web\/wp-content\/uploads\/2026\/08\/ramon-curanilahue-scaled.png","width":1144,"height":2560},{"@type":"BreadcrumbList","@id":"https:\/\/ciencias.ubiobio.cl\/quimica\/web\/index.php\/2026\/08\/19\/dr-ramon-ahumada-fortalece-vinculos-con-seremi-de-mineria-y-trabajadores-mineros-de-curanilahue\/#breadcrumb","itemListElement":[{"@type":"ListItem","position":1,"name":"Home","item":"https:\/\/ciencias.ubiobio.cl\/quimica\/web\/"},{"@type":"ListItem","position":2,"name":"Dr. Ram\u00f3n Ahumada fortalece v\u00ednculos con Seremi de Miner\u00eda y trabajadores Mineros de Curanilahue"}]},{"@type":"WebSite","@id":"https:\/\/ciencias.ubiobio.cl\/quimica\/web\/#website","url":"https:\/\/ciencias.ubiobio.cl\/quimica\/web\/","name":"Departamento de Qu\u00edmica","description":"Facultad de Ciencias UBB","potentialAction":[{"@type":"SearchAction","target":{"@type":"EntryPoint","urlTemplate":"https:\/\/ciencias.ubiobio.cl\/quimica\/web\/?s={search_term_string}"},"query-input":{"@type":"PropertyValueSpecification","valueRequired":true,"valueName":"search_term_string"}}],"inLanguage":"es-CL"},{"@type":"Person","@id":"https:\/\/ciencias.ubiobio.cl\/quimica\/web\/#\/schema\/person\/712bb83fa0db9fe275d40dcaafbdb312","name":"Fabiola Medina","url":"https:\/\/ciencias.ubiobio.cl\/quimica\/web\/index.php\/author\/fabiola\/"}]}},"jetpack_featured_media_url":"","_links":{"self":[{"href":"https:\/\/ciencias.ubiobio.cl\/quimica\/web\/index.php\/wp-json\/wp\/v2\/posts\/1848","targetHints":{"allow":["GET"]}}],"collection":[{"href":"https:\/\/ciencias.ubiobio.cl\/quimica\/web\/index.php\/wp-json\/wp\/v2\/posts"}],"about":[{"href":"https:\/\/ciencias.ubiobio.cl\/quimica\/web\/index.php\/wp-json\/wp\/v2\/types\/post"}],"author":[{"embeddable":true,"href":"https:\/\/ciencias.ubiobio.cl\/quimica\/web\/index.php\/wp-json\/wp\/v2\/users\/3"}],"replies":[{"embeddable":true,"href":"https:\/\/ciencias.ubiobio.cl\/quimica\/web\/index.php\/wp-json\/wp\/v2\/comments?post=1848"}],"version-history":[{"count":2,"href":"https:\/\/ciencias.ubiobio.cl\/quimica\/web\/index.php\/wp-json\/wp\/v2\/posts\/1848\/revisions"}],"predecessor-version":[{"id":1851,"href":"https:\/\/ciencias.ubiobio.cl\/quimica\/web\/index.php\/wp-json\/wp\/v2\/posts\/1848\/revisions\/1851"}],"wp:attachment":[{"href":"https:\/\/ciencias.ubiobio.cl\/quimica\/web\/index.php\/wp-json\/wp\/v2\/media?parent=1848"}],"wp:term":[{"taxonomy":"category","embeddable":true,"href":"https:\/\/ciencias.ubiobio.cl\/quimica\/web\/index.php\/wp-json\/wp\/v2\/categories?post=1848"},{"taxonomy":"post_tag","embeddable":true,"href":"https:\/\/ciencias.ubiobio.cl\/quimica\/web\/index.php\/wp-json\/wp\/v2\/tags?post=1848"}],"curies":[{"name":"wp","href":"https:\/\/api.w.org\/{rel}","templated":true}]}}